[{"@context":"https:\/\/schema.org\/","@type":"Article","@id":"https:\/\/www.rphomole.cz\/nad-vyzdobou-nasich-interieru-i-exterieru-se-vam-bude-tajit-dech\/#Article","mainEntityOfPage":"https:\/\/www.rphomole.cz\/nad-vyzdobou-nasich-interieru-i-exterieru-se-vam-bude-tajit-dech\/","headline":"Nad v\u00fdzdobou na\u0161ich interi\u00e9r\u016f i exteri\u00e9r\u016f se v\u00e1m bude tajit dech","name":"Nad v\u00fdzdobou na\u0161ich interi\u00e9r\u016f i exteri\u00e9r\u016f se v\u00e1m bude tajit dech","description":"Nab\u00edz\u00edme v\u00e1m kr\u00e1sn\u00e9 interi\u00e9ry, kter\u00e9 se budou vyj\u00edmat na va\u0161ich svatebn\u00edch fotografi\u00edch. Nab\u00edz\u00edme v\u00e1m m\u00edsto, kde se m\u016f\u017ee odehr\u00e1t ta nejlep\u0161\u00ed svatebn\u00ed hostina Praha, jakou jste kdy za\u017eili a jakou kdy budete m\u00edt mo\u017enost za\u017e\u00edt v budoucnu. Nab\u00edz\u00edme v\u00e1m prostory na\u0161\u00ed b\u00e1je\u010dn\u00e9 restaurace, nab\u00edz\u00edme v\u00e1m prostory na\u0161eho rozlehl\u00e9ho parkovi\u0161t\u011b, nab\u00edz\u00edme v\u00e1m hra\u010dky z na\u0161eho d\u011btsk\u00e9ho [&hellip;]","datePublished":"2023-05-12","dateModified":"2023-05-12","author":{"@type":"Person","@id":"https:\/\/www.rphomole.cz\/author\/#Person","name":"","url":"https:\/\/www.rphomole.cz\/author\/","identifier":1,"image":{"@type":"ImageObject","@id":"https:\/\/secure.gravatar.com\/avatar\/f677d652d46d6437b40497bee38030612d53a3103b24904f519be33cae485306?s=96&d=mm&r=g","url":"https:\/\/secure.gravatar.com\/avatar\/f677d652d46d6437b40497bee38030612d53a3103b24904f519be33cae485306?s=96&d=mm&r=g","height":96,"width":96}},"publisher":{"@type":"Organization","name":"rphomole.cz","logo":{"@type":"ImageObject","@id":"\/logo.png","url":"\/logo.png","width":600,"height":60}},"url":"https:\/\/www.rphomole.cz\/nad-vyzdobou-nasich-interieru-i-exterieru-se-vam-bude-tajit-dech\/","wordCount":240,"articleBody":"Nab\u00edz\u00edme v\u00e1m kr\u00e1sn\u00e9 interi\u00e9ry, kter\u00e9 se budou vyj\u00edmat na va\u0161ich svatebn\u00edch fotografi\u00edch. Nab\u00edz\u00edme v\u00e1m m\u00edsto, kde se m\u016f\u017ee odehr\u00e1t ta nejlep\u0161\u00ed svatebn\u00ed hostina Praha, jakou jste kdy za\u017eili a jakou kdy budete m\u00edt mo\u017enost za\u017e\u00edt v budoucnu. Nab\u00edz\u00edme v\u00e1m prostory na\u0161\u00ed b\u00e1je\u010dn\u00e9 restaurace, nab\u00edz\u00edme v\u00e1m prostory na\u0161eho rozlehl\u00e9ho parkovi\u0161t\u011b, nab\u00edz\u00edme v\u00e1m hra\u010dky z na\u0161eho d\u011btsk\u00e9ho koutku, aby se i mal\u00ed \u00fa\u010dastn\u00edci svatby mohli pat\u0159i\u010dn\u011b zabavit a pobavit a v neposledn\u00ed \u0159ad\u011b v\u00e1m nab\u00edz\u00edme b\u00e1je\u010dnou atmosf\u00e9ru a dokonal\u00e9 j\u00eddlo. Tak co, d\u00e1te na\u0161\u00ed nab\u00eddce ko\u0161em nebo ji vyu\u017eijete?Romantika je u n\u00e1s samoz\u0159ejmost\u00edA co romantika, ta je p\u0159eci tak\u00e9 pot\u0159eba, nam\u00edt\u00e1te. A n\u00e1mitka je to zcela na m\u00edst\u011b. Pod\u00edvejte se na na\u0161i fotogalerii, kde naleznete obr\u00e1zky z interi\u00e9r\u016f i exteri\u00e9r\u016f na\u0161eho podniku a budete si moci sami sob\u011b odpov\u011bd\u011bt, zda je na\u0161e restaurace dostate\u010dn\u011b romantick\u00e1 \u010di nikoliv. A je\u0161t\u011b l\u00e9pe, pokud p\u0159ijdete nas\u00e1t atmosf\u00e9ru p\u0159\u00edmo k n\u00e1m. Nach\u00e1z\u00edme se na Praze 8 a nen\u00ed v\u016fbec slo\u017eit\u00e9 objevit k n\u00e1m cestu.                                                                                                                                                                                                                                                                                                                                                                                                "},{"@context":"https:\/\/schema.org\/","@type":"BreadcrumbList","itemListElement":[{"@type":"ListItem","position":1,"name":"Nad v\u00fdzdobou na\u0161ich interi\u00e9r\u016f i exteri\u00e9r\u016f se v\u00e1m bude tajit dech","item":"https:\/\/www.rphomole.cz\/nad-vyzdobou-nasich-interieru-i-exterieru-se-vam-bude-tajit-dech\/#breadcrumbitem"}]}]